{"id":6601,"date":"2025-06-05T09:10:28","date_gmt":"2025-06-05T07:10:28","guid":{"rendered":"https:\/\/www.idena.fr\/non-classifiee\/collecte-de-dechets-par-idena\/"},"modified":"2026-02-03T17:25:05","modified_gmt":"2026-02-03T16:25:05","slug":"colectarea-deseurilor-idena","status":"publish","type":"post","link":"https:\/\/www.idena.fr\/ro\/actualites-ro\/colectarea-deseurilor-idena\/","title":{"rendered":"Angajament CSR: retrospectiv\u0103 asupra unei ac\u021biuni de colectare a de\u0219eurilor organizate de angaja\u021bii Grupului IDENA"},"content":{"rendered":"\n<p class=\"is-style-intro\">Pe 22 mai 2025, o echip\u0103 de colaboratori ai Grupului IDENA s-a mobilizat pentru a participa la o opera\u021biune de colectare a de\u0219eurilor, \u00een parteneriat cu asocia\u021bia Plastic Pickup. Aceast\u0103 ac\u021biune se \u00eenscrie pe deplin \u00een abordarea CSR a Grupului, orientat\u0103 c\u0103tre durabilitatea mediului \u0219i mobilizarea colectiv\u0103.<\/p>\n\n\n\n<div class=\"wp-block-ic-blocks-responsive-spacer\"><div style=\"height:50px\"><\/div><div style=\"height:50px\"><\/div><\/div>\n\n\n\n<h2 class=\"wp-block-heading icone-seedling\">O <mark style=\"background-color:rgba(0, 0, 0, 0)\" class=\"has-inline-color has-secondary-30-color\">ac\u021biune concret\u0103<\/mark> \u0219i unificatoare<\/h2>\n\n\n\n<p>Ini\u021bial prev\u0103zut\u0103 \u00een zona centrului comercial Atlantis din Saint-Herblain, ac\u021biunea de colectare s-a concentrat rapid \u00een jurul str\u0103zii Jacques Cartier, at\u00e2t de multe erau de\u0219eurile din aceast\u0103 zon\u0103. \u00cen doar 45 de minute, participan\u021bii au reu\u0219it s\u0103 colecteze 25,3 kg de de\u0219euri, \u00eemp\u0103r\u021bite \u00een 7-8 saci, precum \u0219i 3 sticle pline cu mucuri de \u021bigar\u0103.<\/p>\n\n\n\n<p>Tipurile de de\u0219euri g\u0103site reflect\u0103, din p\u0103cate, o poluare urban\u0103 bine \u00eenr\u0103d\u0103cinat\u0103:<\/p>\n\n\n\n<ul class=\"wp-block-list\">\n<li>80% plastic \u0219i h\u00e2rtie,<\/li>\n\n\n\n<li>10% cutii de conserve \u0219i metale,<\/li>\n\n\n\n<li>8% mucuri de \u021bigar\u0103,<\/li>\n\n\n\n<li>2% sticl\u0103.<\/li>\n<\/ul>\n\n\n\n<p>Printre obiectele cele mai neobi\u0219nuite se num\u0103r\u0103: un boxer, juc\u0103rii pentru copii, canistre de combustibil \u0219i un cu\u021bit.<\/p>\n\n\n\n<div class=\"wp-block-ic-blocks-responsive-spacer\"><div style=\"height:50px\"><\/div><div style=\"height:50px\"><\/div><\/div>\n\n\n\n<figure class=\"wp-block-gallery has-nested-images columns-default is-cropped wp-block-gallery-1 is-layout-flex wp-block-gallery-is-layout-flex\">\n<figure class=\"wp-block-image size-large\"><img loading=\"lazy\" decoding=\"async\" width=\"789\" height=\"1052\" data-id=\"6359\" src=\"https:\/\/www.idena.fr\/wp-content\/uploads\/whatsapp-image-2025-05-22-at-14.49.58-1-789x1052.jpeg\" alt=\"Ramassage des d\u00e9chets pour les collaborateurs IDENA\" class=\"wp-image-6359\" srcset=\"https:\/\/www.idena.fr\/wp-content\/uploads\/whatsapp-image-2025-05-22-at-14.49.58-1-789x1052.jpeg 789w, https:\/\/www.idena.fr\/wp-content\/uploads\/whatsapp-image-2025-05-22-at-14.49.58-1-768x1024.jpeg 768w, https:\/\/www.idena.fr\/wp-content\/uploads\/whatsapp-image-2025-05-22-at-14.49.58-1.jpeg 1200w\" sizes=\"auto, (max-width: 789px) 100vw, 789px\" \/><\/figure>\n\n\n\n<figure class=\"wp-block-image size-large\"><img loading=\"lazy\" decoding=\"async\" width=\"789\" height=\"1052\" data-id=\"6355\" src=\"https:\/\/www.idena.fr\/wp-content\/uploads\/whatsapp-image-2025-05-22-at-14.49.57-1-1-789x1052.jpeg\" alt=\"cleanwalk \u00e0 St Herblain pour IDENA\" class=\"wp-image-6355\" srcset=\"https:\/\/www.idena.fr\/wp-content\/uploads\/whatsapp-image-2025-05-22-at-14.49.57-1-1-789x1052.jpeg 789w, https:\/\/www.idena.fr\/wp-content\/uploads\/whatsapp-image-2025-05-22-at-14.49.57-1-1-768x1024.jpeg 768w, https:\/\/www.idena.fr\/wp-content\/uploads\/whatsapp-image-2025-05-22-at-14.49.57-1-1.jpeg 1200w\" sizes=\"auto, (max-width: 789px) 100vw, 789px\" \/><\/figure>\n\n\n\n<figure class=\"wp-block-image size-large\"><img loading=\"lazy\" decoding=\"async\" width=\"789\" height=\"1052\" data-id=\"6351\" src=\"https:\/\/www.idena.fr\/wp-content\/uploads\/whatsapp-image-2025-05-22-at-14.49.57-4-789x1052.jpeg\" alt=\"Un bidon de combustible trouv\u00e9 dans les buissons\" class=\"wp-image-6351\" srcset=\"https:\/\/www.idena.fr\/wp-content\/uploads\/whatsapp-image-2025-05-22-at-14.49.57-4-789x1052.jpeg 789w, https:\/\/www.idena.fr\/wp-content\/uploads\/whatsapp-image-2025-05-22-at-14.49.57-4-768x1024.jpeg 768w, https:\/\/www.idena.fr\/wp-content\/uploads\/whatsapp-image-2025-05-22-at-14.49.57-4.jpeg 1200w\" sizes=\"auto, (max-width: 789px) 100vw, 789px\" \/><\/figure>\n\n\n\n<figure class=\"wp-block-image size-large\"><img loading=\"lazy\" decoding=\"async\" width=\"789\" height=\"1052\" data-id=\"6347\" src=\"https:\/\/www.idena.fr\/wp-content\/uploads\/whatsapp-image-2025-05-22-at-14.49.58-4-789x1052.jpeg\" alt=\"Les collaborateurs heureux de participer \u00e0 une bonne action - IDENA\" class=\"wp-image-6347\" srcset=\"https:\/\/www.idena.fr\/wp-content\/uploads\/whatsapp-image-2025-05-22-at-14.49.58-4-789x1052.jpeg 789w, https:\/\/www.idena.fr\/wp-content\/uploads\/whatsapp-image-2025-05-22-at-14.49.58-4-768x1024.jpeg 768w, https:\/\/www.idena.fr\/wp-content\/uploads\/whatsapp-image-2025-05-22-at-14.49.58-4.jpeg 1200w\" sizes=\"auto, (max-width: 789px) 100vw, 789px\" \/><\/figure>\n\n\n\n<figure class=\"wp-block-image size-large\"><img loading=\"lazy\" decoding=\"async\" width=\"1400\" height=\"1050\" data-id=\"6334\" src=\"https:\/\/www.idena.fr\/wp-content\/uploads\/whatsapp-image-2025-05-22-at-14.49.59-1400x1050.jpeg\" alt=\"selfie de l'\u00e9quipe IDENA lors de la cleanwalk\" class=\"wp-image-6334\" srcset=\"https:\/\/www.idena.fr\/wp-content\/uploads\/whatsapp-image-2025-05-22-at-14.49.59-1400x1050.jpeg 1400w, https:\/\/www.idena.fr\/wp-content\/uploads\/whatsapp-image-2025-05-22-at-14.49.59-768x576.jpeg 768w, https:\/\/www.idena.fr\/wp-content\/uploads\/whatsapp-image-2025-05-22-at-14.49.59.jpeg 1600w\" sizes=\"auto, (max-width: 1400px) 100vw, 1400px\" \/><\/figure>\n<\/figure>\n\n\n\n<div class=\"wp-block-ic-blocks-responsive-spacer\"><div style=\"height:50px\"><\/div><div style=\"height:50px\"><\/div><\/div>\n\n\n\n<h3 class=\"wp-block-heading \">Un moment de angajament comun<\/h3>\n\n\n\n<p>Dincolo de impactul asupra mediului, aceast\u0103 ac\u021biune a consolidat \u0219i coeziunea echipei. Participarea activ\u0103, atmosfera pozitiv\u0103 \u0219i schimburile informale au contribuit la transformarea acestui moment important \u00eentr-un adev\u0103rat motor al leg\u0103turilor sociale. Feedback-ul angaja\u021bilor este unanim: o con\u0219tientizare colectiv\u0103 a amplorii de\u0219eurilor prezente \u00eentr-un spa\u021biu restr\u00e2ns, dar \u0219i o satisfac\u021bie real\u0103 de a ac\u021biona \u00eempreun\u0103, \u00een mod concret, pentru planet\u0103.<\/p>\n\n\n\n<h2 class=\"wp-block-heading icone-memo\">O <mark style=\"background-color:rgba(0, 0, 0, 0)\" class=\"has-inline-color has-primary-30-color\">abordare CSR<\/mark> \u00eenr\u0103d\u0103cinat\u0103 \u00een ADN-ul Grupului<\/h2>\n\n\n\n<p>Aceast\u0103 ini\u021biativ\u0103 completeaz\u0103 alte angajamente ale Grupului IDENA \u00een materie de responsabilitate social\u0103. Printre ac\u021biunile recente se num\u0103r\u0103:<\/p>\n\n\n\n<ul class=\"wp-block-list\">\n<li>Instalarea a 1000 m\u00b2 de panouri fotovoltaice la fabrica noastr\u0103 din Pontch\u00e2teau (44),<\/li>\n\n\n\n<li>\u0218i \u00eenc\u0103 1400 m\u00b2 pe acoperi\u0219urile filialei noastre STI Biotechnologie din Maen Roch (35).<\/li>\n<\/ul>\n\n\n\n<p>Creat \u00een 1995, Grupul IDENA este un grup independent care reune\u0219te mai multe companii dedicate cercet\u0103rii \u0219i dezvolt\u0103rii, ingineriei nutri\u021biei animale \u0219i fabric\u0103rii de specialit\u0103\u021bi inovatoare. Misiunea noastr\u0103: s\u0103 anticip\u0103m \u0219i s\u0103 \u00eenso\u021bim \u00een mod durabil viitorul produc\u021biei animale \u0219i vegetale.<\/p>\n\n\n\n<h3 class=\"wp-block-heading \">O prim\u0103 colaborare care merit\u0103 repetat\u0103!<\/h3>\n\n\n\n<p>Descoperit\u0103 pe internet, parteneriatul cu <a href=\"https:\/\/www.plastic-pickup.fr\/\">asocia\u021bia Plastic Pickup<\/a> a fost o alegere evident\u0103, datorit\u0103 experien\u021bei sale \u00een colaborarea cu \u00eentreprinderile. Eficien\u021ba colabor\u0103rii \u0219i reactivitatea echipei au fost apreciate de colaboratorii no\u0219tri. Mul\u021bumim c\u0103lduros Plastic Pickup pentru punerea la dispozi\u021bie a materialelor \u0219i pentru sprijinul acordat. Aceast\u0103 prim\u0103 opera\u021biune ar putea fi urmat\u0103 de altele.<\/p>\n\n\n\n<div class=\"wp-block-ic-blocks-responsive-spacer\"><div style=\"height:50px\"><\/div><div style=\"height:50px\"><\/div><\/div>\n","protected":false},"excerpt":{"rendered":"<p>Pe 22 mai 2025, o echip\u0103 de colaboratori ai Grupului IDENA s-a mobilizat pentru a participa la o opera\u021biune de colectare a de\u0219eurilor, \u00een parteneriat cu asocia\u021bia Plastic Pickup. Aceast\u0103 ac\u021biune se \u00eenscrie pe deplin \u00een abordarea CSR a Grupului, orientat\u0103 c\u0103tre durabilitatea mediului \u0219i mobilizarea colectiv\u0103. O ac\u021biune concret\u0103 \u0219i unificatoare Ini\u021bial prev\u0103zut\u0103 \u00een [&hellip;]<\/p>\n","protected":false},"author":1,"featured_media":7314,"comment_status":"closed","ping_status":"closed","sticky":false,"template":"","format":"standard","meta":{"_acf_changed":false,"inline_featured_image":false,"footnotes":""},"categories":[476],"tags":[],"class_list":["post-6601","post","type-post","status-publish","format-standard","has-post-thumbnail","hentry","category-actualites-ro"],"acf":[],"mb":[],"yoast_head":"<!-- This site is optimized with the Yoast SEO plugin v27.0 - https:\/\/yoast.com\/product\/yoast-seo-wordpress\/ -->\n<title>Colectarea de\u0219eurilor cu echipa IDENA | Idena<\/title>\n<meta name=\"description\" content=\"Pe 22 mai 2025, o echip\u0103 de colaboratori ai Grupului IDENA s-a mobilizat pentru a participa la o opera\u021biune de colectare a de\u0219eurilor.\" \/>\n<meta name=\"robots\" content=\"index, follow, max-snippet:-1, max-image-preview:large, max-video-preview:-1\" \/>\n<link rel=\"canonical\" href=\"https:\/\/www.idena.fr\/ro\/actualites-ro\/colectarea-deseurilor-idena\/\" \/>\n<meta property=\"og:locale\" content=\"ro_RO\" \/>\n<meta property=\"og:type\" content=\"article\" \/>\n<meta property=\"og:title\" content=\"Colectarea de\u0219eurilor cu echipa IDENA | Idena\" \/>\n<meta property=\"og:description\" content=\"Pe 22 mai 2025, o echip\u0103 de colaboratori ai Grupului IDENA s-a mobilizat pentru a participa la o opera\u021biune de colectare a de\u0219eurilor.\" \/>\n<meta property=\"og:url\" content=\"https:\/\/www.idena.fr\/ro\/actualites-ro\/colectarea-deseurilor-idena\/\" \/>\n<meta property=\"og:site_name\" content=\"Idena\" \/>\n<meta property=\"article:published_time\" content=\"2025-06-05T07:10:28+00:00\" \/>\n<meta property=\"article:modified_time\" content=\"2026-02-03T16:25:05+00:00\" \/>\n<meta property=\"og:image\" content=\"https:\/\/www.idena.fr\/wp-content\/uploads\/whatsapp-image-2025-05-22-at-14.49.59.jpeg\" \/>\n\t<meta property=\"og:image:width\" content=\"1600\" \/>\n\t<meta property=\"og:image:height\" content=\"1200\" \/>\n\t<meta property=\"og:image:type\" content=\"image\/jpeg\" \/>\n<meta name=\"author\" content=\"imagescreations\" \/>\n<meta name=\"twitter:card\" content=\"summary_large_image\" \/>\n<meta name=\"twitter:label1\" content=\"Scris de\" \/>\n\t<meta name=\"twitter:data1\" content=\"imagescreations\" \/>\n\t<meta name=\"twitter:label2\" content=\"Timp estimat pentru citire\" \/>\n\t<meta name=\"twitter:data2\" content=\"4 minute\" \/>\n<script type=\"application\/ld+json\" class=\"yoast-schema-graph\">{\"@context\":\"https:\/\/schema.org\",\"@graph\":[{\"@type\":\"Article\",\"@id\":\"https:\/\/www.idena.fr\/ro\/actualites-ro\/colectarea-deseurilor-idena\/#article\",\"isPartOf\":{\"@id\":\"https:\/\/www.idena.fr\/ro\/actualites-ro\/colectarea-deseurilor-idena\/\"},\"author\":{\"name\":\"imagescreations\",\"@id\":\"https:\/\/idena-wordpress-web.dev.imcr.dev\/#\/schema\/person\/62911135ac8a95b4c8029ca29ef78579\"},\"headline\":\"Angajament CSR: retrospectiv\u0103 asupra unei ac\u021biuni de colectare a de\u0219eurilor organizate de angaja\u021bii Grupului IDENA\",\"datePublished\":\"2025-06-05T07:10:28+00:00\",\"dateModified\":\"2026-02-03T16:25:05+00:00\",\"mainEntityOfPage\":{\"@id\":\"https:\/\/www.idena.fr\/ro\/actualites-ro\/colectarea-deseurilor-idena\/\"},\"wordCount\":437,\"publisher\":{\"@id\":\"https:\/\/idena-wordpress-web.dev.imcr.dev\/#organization\"},\"image\":{\"@id\":\"https:\/\/www.idena.fr\/ro\/actualites-ro\/colectarea-deseurilor-idena\/#primaryimage\"},\"thumbnailUrl\":\"https:\/\/www.idena.fr\/wp-content\/uploads\/engagement-rse.jpeg\",\"articleSection\":[\"Actualit\u00e9s\"],\"inLanguage\":\"ro-RO\"},{\"@type\":\"WebPage\",\"@id\":\"https:\/\/www.idena.fr\/ro\/actualites-ro\/colectarea-deseurilor-idena\/\",\"url\":\"https:\/\/www.idena.fr\/ro\/actualites-ro\/colectarea-deseurilor-idena\/\",\"name\":\"Colectarea de\u0219eurilor cu echipa IDENA | Idena\",\"isPartOf\":{\"@id\":\"https:\/\/idena-wordpress-web.dev.imcr.dev\/#website\"},\"primaryImageOfPage\":{\"@id\":\"https:\/\/www.idena.fr\/ro\/actualites-ro\/colectarea-deseurilor-idena\/#primaryimage\"},\"image\":{\"@id\":\"https:\/\/www.idena.fr\/ro\/actualites-ro\/colectarea-deseurilor-idena\/#primaryimage\"},\"thumbnailUrl\":\"https:\/\/www.idena.fr\/wp-content\/uploads\/engagement-rse.jpeg\",\"datePublished\":\"2025-06-05T07:10:28+00:00\",\"dateModified\":\"2026-02-03T16:25:05+00:00\",\"description\":\"Pe 22 mai 2025, o echip\u0103 de colaboratori ai Grupului IDENA s-a mobilizat pentru a participa la o opera\u021biune de colectare a de\u0219eurilor.\",\"breadcrumb\":{\"@id\":\"https:\/\/www.idena.fr\/ro\/actualites-ro\/colectarea-deseurilor-idena\/#breadcrumb\"},\"inLanguage\":\"ro-RO\",\"potentialAction\":[{\"@type\":\"ReadAction\",\"target\":[\"https:\/\/www.idena.fr\/ro\/actualites-ro\/colectarea-deseurilor-idena\/\"]}]},{\"@type\":\"ImageObject\",\"inLanguage\":\"ro-RO\",\"@id\":\"https:\/\/www.idena.fr\/ro\/actualites-ro\/colectarea-deseurilor-idena\/#primaryimage\",\"url\":\"https:\/\/www.idena.fr\/wp-content\/uploads\/engagement-rse.jpeg\",\"contentUrl\":\"https:\/\/www.idena.fr\/wp-content\/uploads\/engagement-rse.jpeg\",\"width\":600,\"height\":450},{\"@type\":\"BreadcrumbList\",\"@id\":\"https:\/\/www.idena.fr\/ro\/actualites-ro\/colectarea-deseurilor-idena\/#breadcrumb\",\"itemListElement\":[{\"@type\":\"ListItem\",\"position\":1,\"name\":\"Accueil\",\"item\":\"https:\/\/www.idena.fr\/ro\/\"},{\"@type\":\"ListItem\",\"position\":2,\"name\":\"Actualit\u00e9s\",\"item\":\"https:\/\/www.idena.fr\/ro\/category\/actualites-ro\/\"},{\"@type\":\"ListItem\",\"position\":3,\"name\":\"Angajament CSR: retrospectiv\u0103 asupra unei ac\u021biuni de colectare a de\u0219eurilor organizate de angaja\u021bii Grupului IDENA\"}]},{\"@type\":\"WebSite\",\"@id\":\"https:\/\/idena-wordpress-web.dev.imcr.dev\/#website\",\"url\":\"https:\/\/idena-wordpress-web.dev.imcr.dev\/\",\"name\":\"Idena\",\"description\":\"\",\"publisher\":{\"@id\":\"https:\/\/idena-wordpress-web.dev.imcr.dev\/#organization\"},\"potentialAction\":[{\"@type\":\"SearchAction\",\"target\":{\"@type\":\"EntryPoint\",\"urlTemplate\":\"https:\/\/idena-wordpress-web.dev.imcr.dev\/?s={search_term_string}\"},\"query-input\":{\"@type\":\"PropertyValueSpecification\",\"valueRequired\":true,\"valueName\":\"search_term_string\"}}],\"inLanguage\":\"ro-RO\"},{\"@type\":\"Organization\",\"@id\":\"https:\/\/idena-wordpress-web.dev.imcr.dev\/#organization\",\"name\":\"Idena\",\"url\":\"https:\/\/idena-wordpress-web.dev.imcr.dev\/\",\"logo\":{\"@type\":\"ImageObject\",\"inLanguage\":\"ro-RO\",\"@id\":\"https:\/\/idena-wordpress-web.dev.imcr.dev\/#\/schema\/logo\/image\/\",\"url\":\"https:\/\/www.idena.fr\/wp-content\/uploads\/logo-idena-1.svg\",\"contentUrl\":\"https:\/\/www.idena.fr\/wp-content\/uploads\/logo-idena-1.svg\",\"width\":393,\"height\":106,\"caption\":\"Idena\"},\"image\":{\"@id\":\"https:\/\/idena-wordpress-web.dev.imcr.dev\/#\/schema\/logo\/image\/\"}},{\"@type\":\"Person\",\"@id\":\"https:\/\/idena-wordpress-web.dev.imcr.dev\/#\/schema\/person\/62911135ac8a95b4c8029ca29ef78579\",\"name\":\"imagescreations\",\"image\":{\"@type\":\"ImageObject\",\"inLanguage\":\"ro-RO\",\"@id\":\"https:\/\/idena-wordpress-web.dev.imcr.dev\/#\/schema\/person\/image\/\",\"url\":\"https:\/\/secure.gravatar.com\/avatar\/557b011f7a945384e88b083c32230987f7020b4ff8c4859ce39a2edbbc7a5cca?s=96&d=mm&r=g\",\"contentUrl\":\"https:\/\/secure.gravatar.com\/avatar\/557b011f7a945384e88b083c32230987f7020b4ff8c4859ce39a2edbbc7a5cca?s=96&d=mm&r=g\",\"caption\":\"imagescreations\"},\"url\":\"https:\/\/www.idena.fr\/ro\/author\/imagescreations\/\"}]}<\/script>\n<!-- \/ Yoast SEO plugin. -->","yoast_head_json":{"title":"Colectarea de\u0219eurilor cu echipa IDENA | Idena","description":"Pe 22 mai 2025, o echip\u0103 de colaboratori ai Grupului IDENA s-a mobilizat pentru a participa la o opera\u021biune de colectare a de\u0219eurilor.","robots":{"index":"index","follow":"follow","max-snippet":"max-snippet:-1","max-image-preview":"max-image-preview:large","max-video-preview":"max-video-preview:-1"},"canonical":"https:\/\/www.idena.fr\/ro\/actualites-ro\/colectarea-deseurilor-idena\/","og_locale":"ro_RO","og_type":"article","og_title":"Colectarea de\u0219eurilor cu echipa IDENA | Idena","og_description":"Pe 22 mai 2025, o echip\u0103 de colaboratori ai Grupului IDENA s-a mobilizat pentru a participa la o opera\u021biune de colectare a de\u0219eurilor.","og_url":"https:\/\/www.idena.fr\/ro\/actualites-ro\/colectarea-deseurilor-idena\/","og_site_name":"Idena","article_published_time":"2025-06-05T07:10:28+00:00","article_modified_time":"2026-02-03T16:25:05+00:00","og_image":[{"width":1600,"height":1200,"url":"https:\/\/www.idena.fr\/wp-content\/uploads\/whatsapp-image-2025-05-22-at-14.49.59.jpeg","type":"image\/jpeg"}],"author":"imagescreations","twitter_card":"summary_large_image","twitter_misc":{"Scris de":"imagescreations","Timp estimat pentru citire":"4 minute"},"schema":{"@context":"https:\/\/schema.org","@graph":[{"@type":"Article","@id":"https:\/\/www.idena.fr\/ro\/actualites-ro\/colectarea-deseurilor-idena\/#article","isPartOf":{"@id":"https:\/\/www.idena.fr\/ro\/actualites-ro\/colectarea-deseurilor-idena\/"},"author":{"name":"imagescreations","@id":"https:\/\/idena-wordpress-web.dev.imcr.dev\/#\/schema\/person\/62911135ac8a95b4c8029ca29ef78579"},"headline":"Angajament CSR: retrospectiv\u0103 asupra unei ac\u021biuni de colectare a de\u0219eurilor organizate de angaja\u021bii Grupului IDENA","datePublished":"2025-06-05T07:10:28+00:00","dateModified":"2026-02-03T16:25:05+00:00","mainEntityOfPage":{"@id":"https:\/\/www.idena.fr\/ro\/actualites-ro\/colectarea-deseurilor-idena\/"},"wordCount":437,"publisher":{"@id":"https:\/\/idena-wordpress-web.dev.imcr.dev\/#organization"},"image":{"@id":"https:\/\/www.idena.fr\/ro\/actualites-ro\/colectarea-deseurilor-idena\/#primaryimage"},"thumbnailUrl":"https:\/\/www.idena.fr\/wp-content\/uploads\/engagement-rse.jpeg","articleSection":["Actualit\u00e9s"],"inLanguage":"ro-RO"},{"@type":"WebPage","@id":"https:\/\/www.idena.fr\/ro\/actualites-ro\/colectarea-deseurilor-idena\/","url":"https:\/\/www.idena.fr\/ro\/actualites-ro\/colectarea-deseurilor-idena\/","name":"Colectarea de\u0219eurilor cu echipa IDENA | Idena","isPartOf":{"@id":"https:\/\/idena-wordpress-web.dev.imcr.dev\/#website"},"primaryImageOfPage":{"@id":"https:\/\/www.idena.fr\/ro\/actualites-ro\/colectarea-deseurilor-idena\/#primaryimage"},"image":{"@id":"https:\/\/www.idena.fr\/ro\/actualites-ro\/colectarea-deseurilor-idena\/#primaryimage"},"thumbnailUrl":"https:\/\/www.idena.fr\/wp-content\/uploads\/engagement-rse.jpeg","datePublished":"2025-06-05T07:10:28+00:00","dateModified":"2026-02-03T16:25:05+00:00","description":"Pe 22 mai 2025, o echip\u0103 de colaboratori ai Grupului IDENA s-a mobilizat pentru a participa la o opera\u021biune de colectare a de\u0219eurilor.","breadcrumb":{"@id":"https:\/\/www.idena.fr\/ro\/actualites-ro\/colectarea-deseurilor-idena\/#breadcrumb"},"inLanguage":"ro-RO","potentialAction":[{"@type":"ReadAction","target":["https:\/\/www.idena.fr\/ro\/actualites-ro\/colectarea-deseurilor-idena\/"]}]},{"@type":"ImageObject","inLanguage":"ro-RO","@id":"https:\/\/www.idena.fr\/ro\/actualites-ro\/colectarea-deseurilor-idena\/#primaryimage","url":"https:\/\/www.idena.fr\/wp-content\/uploads\/engagement-rse.jpeg","contentUrl":"https:\/\/www.idena.fr\/wp-content\/uploads\/engagement-rse.jpeg","width":600,"height":450},{"@type":"BreadcrumbList","@id":"https:\/\/www.idena.fr\/ro\/actualites-ro\/colectarea-deseurilor-idena\/#breadcrumb","itemListElement":[{"@type":"ListItem","position":1,"name":"Accueil","item":"https:\/\/www.idena.fr\/ro\/"},{"@type":"ListItem","position":2,"name":"Actualit\u00e9s","item":"https:\/\/www.idena.fr\/ro\/category\/actualites-ro\/"},{"@type":"ListItem","position":3,"name":"Angajament CSR: retrospectiv\u0103 asupra unei ac\u021biuni de colectare a de\u0219eurilor organizate de angaja\u021bii Grupului IDENA"}]},{"@type":"WebSite","@id":"https:\/\/idena-wordpress-web.dev.imcr.dev\/#website","url":"https:\/\/idena-wordpress-web.dev.imcr.dev\/","name":"Idena","description":"","publisher":{"@id":"https:\/\/idena-wordpress-web.dev.imcr.dev\/#organization"},"potentialAction":[{"@type":"SearchAction","target":{"@type":"EntryPoint","urlTemplate":"https:\/\/idena-wordpress-web.dev.imcr.dev\/?s={search_term_string}"},"query-input":{"@type":"PropertyValueSpecification","valueRequired":true,"valueName":"search_term_string"}}],"inLanguage":"ro-RO"},{"@type":"Organization","@id":"https:\/\/idena-wordpress-web.dev.imcr.dev\/#organization","name":"Idena","url":"https:\/\/idena-wordpress-web.dev.imcr.dev\/","logo":{"@type":"ImageObject","inLanguage":"ro-RO","@id":"https:\/\/idena-wordpress-web.dev.imcr.dev\/#\/schema\/logo\/image\/","url":"https:\/\/www.idena.fr\/wp-content\/uploads\/logo-idena-1.svg","contentUrl":"https:\/\/www.idena.fr\/wp-content\/uploads\/logo-idena-1.svg","width":393,"height":106,"caption":"Idena"},"image":{"@id":"https:\/\/idena-wordpress-web.dev.imcr.dev\/#\/schema\/logo\/image\/"}},{"@type":"Person","@id":"https:\/\/idena-wordpress-web.dev.imcr.dev\/#\/schema\/person\/62911135ac8a95b4c8029ca29ef78579","name":"imagescreations","image":{"@type":"ImageObject","inLanguage":"ro-RO","@id":"https:\/\/idena-wordpress-web.dev.imcr.dev\/#\/schema\/person\/image\/","url":"https:\/\/secure.gravatar.com\/avatar\/557b011f7a945384e88b083c32230987f7020b4ff8c4859ce39a2edbbc7a5cca?s=96&d=mm&r=g","contentUrl":"https:\/\/secure.gravatar.com\/avatar\/557b011f7a945384e88b083c32230987f7020b4ff8c4859ce39a2edbbc7a5cca?s=96&d=mm&r=g","caption":"imagescreations"},"url":"https:\/\/www.idena.fr\/ro\/author\/imagescreations\/"}]}},"mfb_rest_fields":["title","yoast_head","yoast_head_json"],"_links":{"self":[{"href":"https:\/\/www.idena.fr\/ro\/wp-json\/wp\/v2\/posts\/6601","targetHints":{"allow":["GET"]}}],"collection":[{"href":"https:\/\/www.idena.fr\/ro\/wp-json\/wp\/v2\/posts"}],"about":[{"href":"https:\/\/www.idena.fr\/ro\/wp-json\/wp\/v2\/types\/post"}],"author":[{"embeddable":true,"href":"https:\/\/www.idena.fr\/ro\/wp-json\/wp\/v2\/users\/1"}],"replies":[{"embeddable":true,"href":"https:\/\/www.idena.fr\/ro\/wp-json\/wp\/v2\/comments?post=6601"}],"version-history":[{"count":2,"href":"https:\/\/www.idena.fr\/ro\/wp-json\/wp\/v2\/posts\/6601\/revisions"}],"predecessor-version":[{"id":6609,"href":"https:\/\/www.idena.fr\/ro\/wp-json\/wp\/v2\/posts\/6601\/revisions\/6609"}],"wp:featuredmedia":[{"embeddable":true,"href":"https:\/\/www.idena.fr\/ro\/wp-json\/wp\/v2\/media\/7314"}],"wp:attachment":[{"href":"https:\/\/www.idena.fr\/ro\/wp-json\/wp\/v2\/media?parent=6601"}],"wp:term":[{"taxonomy":"category","embeddable":true,"href":"https:\/\/www.idena.fr\/ro\/wp-json\/wp\/v2\/categories?post=6601"},{"taxonomy":"post_tag","embeddable":true,"href":"https:\/\/www.idena.fr\/ro\/wp-json\/wp\/v2\/tags?post=6601"}],"curies":[{"name":"wp","href":"https:\/\/api.w.org\/{rel}","templated":true}]}}